{"id":848,"date":"2025-09-17T16:04:25","date_gmt":"2025-09-17T16:04:25","guid":{"rendered":"https:\/\/curtamonle.com\/?p=848"},"modified":"2025-09-17T16:11:22","modified_gmt":"2025-09-17T16:11:22","slug":"documentario-sob-a-bencao-do-rosario-conquista-selecoes-em-festivais-no-brasil-espanha-e-reino-unido","status":"publish","type":"post","link":"https:\/\/curtamonle.com\/?p=848","title":{"rendered":"Document\u00e1rio \u201cSob a B\u00ean\u00e7\u00e3o do Ros\u00e1rio\u201d conquista sele\u00e7\u00f5es em festivais no Brasil, Espanha e Reino Unido"},"content":{"rendered":"\n<p><strong><em>Sele\u00e7\u00e3o Oficial: Curta Monl\u00e9 &#8211; Brasil &#8211; 2025  |  Sele\u00e7\u00e3o Oficial: MIDC &#8211; Mostra Internacional de Document\u00e1rios &#8211; Espanha &#8211; 2025  |  Official Selection: Filmmaker Sessions Volume 8 &#8211; Reino Unido &#8211; 2025<\/em><\/strong><\/p>\n\n\n\n<div class=\"wp-block-media-text has-media-on-the-right is-stacked-on-mobile\"><div class=\"wp-block-media-text__content\">\n<p>O document\u00e1rio <strong>Sob a B\u00ean\u00e7\u00e3o do Ros\u00e1rio \u2013 O Sincretismo Religioso. F\u00e9 e Tradi\u00e7\u00e3o de um Povo<\/strong> acaba de alcan\u00e7ar um marco importante em sua trajet\u00f3ria: a obra foi selecionada oficialmente para tr\u00eas festivais de cinema em 2025, incluindo eventos no Brasil, na Espanha e no Reino Unido.<\/p>\n\n\n\n<p>No Brasil, o filme integra a programa\u00e7\u00e3o do <strong>Curta Monl\u00e9 \u2013 Festival de Filmes, Curtas e Document\u00e1rios de Jo\u00e3o Monlevade<\/strong>, espa\u00e7o consolidado para valoriza\u00e7\u00e3o do audiovisual independente. Internacionalmente, foi escolhido para a <strong>MIDC \u2013 Mostra Internacional de Document\u00e1rios<\/strong>, realizada na Espanha, e para o <strong>Filmmaker Sessions Volume 8<\/strong>, no Reino Unido, refor\u00e7ando a relev\u00e2ncia global da produ\u00e7\u00e3o.<\/p>\n\n\n\n<p>Dirigido por Marcelo Sputnik e Let\u00edcia Ara\u00fajo Barbosa, o document\u00e1rio retrata o <strong>sincretismo religioso no Brasil<\/strong>, com foco na tradi\u00e7\u00e3o do Congado e na devo\u00e7\u00e3o a Nossa Senhora do Ros\u00e1rio e Santa Efig\u00eania. A obra mostra como a f\u00e9 de povos africanos e europeus se fundiu, transformando imposi\u00e7\u00e3o em identidade e originando pr\u00e1ticas religiosas \u00fanicas e profundamente brasileiras.<\/p>\n\n\n\n<p><\/p>\n<\/div><figure class=\"wp-block-media-text__media\"><img loading=\"lazy\" decoding=\"async\" width=\"721\" height=\"1024\" src=\"https:\/\/curtamonle.com\/wp-content\/uploads\/2025\/09\/cartazsbrpremios-721x1024.jpg\" alt=\"\" class=\"wp-image-849 size-full\" srcset=\"https:\/\/curtamonle.com\/wp-content\/uploads\/2025\/09\/cartazsbrpremios-721x1024.jpg 721w, https:\/\/curtamonle.com\/wp-content\/uploads\/2025\/09\/cartazsbrpremios-211x300.jpg 211w, https:\/\/curtamonle.com\/wp-content\/uploads\/2025\/09\/cartazsbrpremios-2000x2840.jpg 2000w, https:\/\/curtamonle.com\/wp-content\/uploads\/2025\/09\/cartazsbrpremios-scaled.jpg 1803w\" sizes=\"auto, (max-width: 721px) 100vw, 721px\" \/><\/figure><\/div>\n\n\n\n<h3 class=\"wp-block-heading\"><em>\u201c\u00c9 uma alegria ver que a nossa hist\u00f3ria, t\u00e3o ligada \u00e0 mem\u00f3ria e \u00e0 resist\u00eancia cultural de comunidades afro-brasileiras, est\u00e1 sendo reconhecida em diferentes partes do mundo. Isso mostra a for\u00e7a da nossa tradi\u00e7\u00e3o e a import\u00e2ncia de mant\u00ea-la viva\u201d, destaca Marcelo Sputnik.<\/em><\/h3>\n\n\n\n<p>A circula\u00e7\u00e3o em festivais internacionais refor\u00e7a n\u00e3o apenas o valor art\u00edstico e cultural do filme, mas tamb\u00e9m coloca em evid\u00eancia a relev\u00e2ncia do <strong>patrim\u00f4nio imaterial brasileiro<\/strong> em um cen\u00e1rio global.<\/p>\n\n\n\n<hr class=\"wp-block-separator has-alpha-channel-opacity\"\/>\n\n\n\n<h2 class=\"wp-block-heading\">Legendas em Portugu\u00eas e Libras.<\/h2>\n\n\n\n<figure class=\"wp-block-embed is-type-video is-provider-youtube wp-block-embed-youtube wp-embed-aspect-16-9 wp-has-aspect-ratio\"><div class=\"wp-block-embed__wrapper\">\n<iframe loading=\"lazy\" title=\"SOB A B\u00caN\u00c7\u00c3O DO ROS\u00c1RIO - O Sincretismo Religioso. F\u00e9 e Tradi\u00e7\u00e3o de um Povo. Acessibilidade\" width=\"950\" height=\"534\" src=\"https:\/\/www.youtube.com\/embed\/aOPOPw4iQcg?feature=oembed\" frameborder=\"0\" allow=\"accelerometer; autoplay; clipboard-write; encrypted-media; gyroscope; picture-in-picture; web-share\" referrerpolicy=\"strict-origin-when-cross-origin\" allowfullscreen><\/iframe>\n<\/div><\/figure>\n\n\n\n<hr class=\"wp-block-separator has-alpha-channel-opacity is-style-wide\"\/>\n\n\n\n<h2 class=\"wp-block-heading\">Legendas em Portugu\u00eas, Espanhol Ingl\u00eas e Franc\u00eas. <\/h2>\n\n\n\n<figure class=\"wp-block-embed is-type-video is-provider-youtube wp-block-embed-youtube wp-embed-aspect-16-9 wp-has-aspect-ratio\"><div class=\"wp-block-embed__wrapper\">\n<iframe loading=\"lazy\" title=\"SOB A B\u00caN\u00c7\u00c3O DO R\u00d3SARIO\" width=\"950\" height=\"534\" src=\"https:\/\/www.youtube.com\/embed\/DFgJ4jGw654?feature=oembed\" frameborder=\"0\" allow=\"accelerometer; autoplay; clipboard-write; encrypted-media; gyroscope; picture-in-picture; web-share\" referrerpolicy=\"strict-origin-when-cross-origin\" allowfullscreen><\/iframe>\n<\/div><\/figure>\n","protected":false},"excerpt":{"rendered":"<p>Sele\u00e7\u00e3o Oficial: Curta Monl\u00e9 &#8211; Brasil &#8211; 2025 | Sele\u00e7\u00e3o Oficial: MIDC &#8211; Mostra Internacional de Document\u00e1rios &#8211; Espanha &#8211; 2025 | Official Selection: Filmmaker Sessions Volume 8 &#8211; Reino Unido &#8211; 2025 O document\u00e1rio Sob a B\u00ean\u00e7\u00e3o do Ros\u00e1rio \u2013 O Sincretismo Religioso. F\u00e9 e Tradi\u00e7\u00e3o de um Povo acaba de alcan\u00e7ar um marco &hellip; <\/p>\n<p class=\"link-more\"><a href=\"https:\/\/curtamonle.com\/?p=848\" class=\"more-link\">Leia mais<span class=\"screen-reader-text\"> &#8220;Document\u00e1rio \u201cSob a B\u00ean\u00e7\u00e3o do Ros\u00e1rio\u201d conquista sele\u00e7\u00f5es em festivais no Brasil, Espanha e Reino Unido&#8221;<\/span><\/a><\/p>\n","protected":false},"author":1,"featured_media":849,"comment_status":"open","ping_status":"open","sticky":false,"template":"","format":"standard","meta":{"footnotes":""},"categories":[5,4,9,6],"tags":[],"class_list":["post-848","post","type-post","status-publish","format-standard","has-post-thumbnail","hentry","category-artevisual","category-audiovisual","category-documentario","category-fotografia"],"_links":{"self":[{"href":"https:\/\/curtamonle.com\/index.php?rest_route=\/wp\/v2\/posts\/848","targetHints":{"allow":["GET"]}}],"collection":[{"href":"https:\/\/curtamonle.com\/index.php?rest_route=\/wp\/v2\/posts"}],"about":[{"href":"https:\/\/curtamonle.com\/index.php?rest_route=\/wp\/v2\/types\/post"}],"author":[{"embeddable":true,"href":"https:\/\/curtamonle.com\/index.php?rest_route=\/wp\/v2\/users\/1"}],"replies":[{"embeddable":true,"href":"https:\/\/curtamonle.com\/index.php?rest_route=%2Fwp%2Fv2%2Fcomments&post=848"}],"version-history":[{"count":9,"href":"https:\/\/curtamonle.com\/index.php?rest_route=\/wp\/v2\/posts\/848\/revisions"}],"predecessor-version":[{"id":858,"href":"https:\/\/curtamonle.com\/index.php?rest_route=\/wp\/v2\/posts\/848\/revisions\/858"}],"wp:featuredmedia":[{"embeddable":true,"href":"https:\/\/curtamonle.com\/index.php?rest_route=\/wp\/v2\/media\/849"}],"wp:attachment":[{"href":"https:\/\/curtamonle.com\/index.php?rest_route=%2Fwp%2Fv2%2Fmedia&parent=848"}],"wp:term":[{"taxonomy":"category","embeddable":true,"href":"https:\/\/curtamonle.com\/index.php?rest_route=%2Fwp%2Fv2%2Fcategories&post=848"},{"taxonomy":"post_tag","embeddable":true,"href":"https:\/\/curtamonle.com\/index.php?rest_route=%2Fwp%2Fv2%2Ftags&post=848"}],"curies":[{"name":"wp","href":"https:\/\/api.w.org\/{rel}","templated":true}]}}