{"id":806,"date":"2025-05-25T01:03:41","date_gmt":"2025-05-25T01:03:41","guid":{"rendered":"https:\/\/curtamonle.com\/?p=806"},"modified":"2025-05-25T02:13:36","modified_gmt":"2025-05-25T02:13:36","slug":"serraria-santa-helena","status":"publish","type":"post","link":"https:\/\/curtamonle.com\/?p=806","title":{"rendered":"Serraria Santa Helena"},"content":{"rendered":"\n<h2 class=\"wp-block-heading\">Document\u00e1rio Produzido por M\u00e1rio de Carvalho Neto \u00e9 Premiado no Festival II Curta Monl\u00e9<\/h2>\n\n\n\n<p>O document\u00e1rio conta a hist\u00f3ria da maior serraria do Medio Rio Doce, instalada na d\u00e9cada de 1850, pela Cia Belgo Mineira quando a empresa explorava madeira e carv\u00e3o vegetal na regi\u00e3o para os alto-fornos da usina de Jo\u00e3o Monlevade. Ap\u00f3s um grave acidente ferrovi\u00e1rio \u00e0 margem da Serraria, est\u00e1 foi atingida pelo fogo, vindo a encerrar suas atividades. Hoje, o local \u00e9 um importante bairro na \u00e1rea central de Coronel Fabriciano, com o mesmo nome da Serraria.<\/p>\n\n\n\n<figure class=\"wp-block-embed is-type-video is-provider-youtube wp-block-embed-youtube wp-embed-aspect-16-9 wp-has-aspect-ratio\"><div class=\"wp-block-embed__wrapper\">\n<iframe loading=\"lazy\" title=\"HISTORIA DA SERRARIA SANTA HELENA\" width=\"950\" height=\"534\" src=\"https:\/\/www.youtube.com\/embed\/mYBlMbZm5cw?feature=oembed\" frameborder=\"0\" allow=\"accelerometer; autoplay; clipboard-write; encrypted-media; gyroscope; picture-in-picture; web-share\" referrerpolicy=\"strict-origin-when-cross-origin\" allowfullscreen><\/iframe>\n<\/div><\/figure>\n\n\n\n<figure class=\"wp-block-image alignfull size-large\"><a href=\"https:\/\/revistacaminhosgerais.com.br\/noticias\/documentario-produzido-por-mario-de-carvalho-neto-e-premiado-no-festival-ii-curta-monle\/\" target=\"_blank\" rel=\" noreferrer noopener\"><img loading=\"lazy\" decoding=\"async\" width=\"1024\" height=\"463\" src=\"https:\/\/curtamonle.com\/wp-content\/uploads\/2025\/05\/Captura-de-tela-2025-05-24-215216-1024x463.png\" alt=\"\" class=\"wp-image-807\" srcset=\"https:\/\/curtamonle.com\/wp-content\/uploads\/2025\/05\/Captura-de-tela-2025-05-24-215216-1024x463.png 1024w, https:\/\/curtamonle.com\/wp-content\/uploads\/2025\/05\/Captura-de-tela-2025-05-24-215216-300x136.png 300w, https:\/\/curtamonle.com\/wp-content\/uploads\/2025\/05\/Captura-de-tela-2025-05-24-215216.png 1914w\" sizes=\"auto, (max-width: 1024px) 100vw, 1024px\" \/><\/a><figcaption class=\"wp-element-caption\"><strong>Visite o site:   revistacaminhosgerais.com.br<\/strong><\/figcaption><\/figure>\n\n\n\n<figure class=\"wp-block-image alignfull size-large\"><img loading=\"lazy\" decoding=\"async\" width=\"1024\" height=\"140\" src=\"https:\/\/curtamonle.com\/wp-content\/uploads\/2024\/06\/banner6-scaled-1-1024x140.jpg\" alt=\"\" class=\"wp-image-340\" srcset=\"https:\/\/curtamonle.com\/wp-content\/uploads\/2024\/06\/banner6-scaled-1-1024x140.jpg 1024w, https:\/\/curtamonle.com\/wp-content\/uploads\/2024\/06\/banner6-scaled-1-300x41.jpg 300w, https:\/\/curtamonle.com\/wp-content\/uploads\/2024\/06\/banner6-scaled-1-2000x274.jpg 2000w\" sizes=\"auto, (max-width: 1024px) 100vw, 1024px\" \/><\/figure>\n","protected":false},"excerpt":{"rendered":"<p>Document\u00e1rio Produzido por M\u00e1rio de Carvalho Neto \u00e9 Premiado no Festival II Curta Monl\u00e9 O document\u00e1rio conta a hist\u00f3ria da maior serraria do Medio Rio Doce, instalada na d\u00e9cada de 1850, pela Cia Belgo Mineira quando a empresa explorava madeira e carv\u00e3o vegetal na regi\u00e3o para os alto-fornos da usina de Jo\u00e3o Monlevade. Ap\u00f3s um &hellip; <\/p>\n<p class=\"link-more\"><a href=\"https:\/\/curtamonle.com\/?p=806\" class=\"more-link\">Leia mais<span class=\"screen-reader-text\"> &#8220;Serraria Santa Helena&#8221;<\/span><\/a><\/p>\n","protected":false},"author":1,"featured_media":807,"comment_status":"open","ping_status":"open","sticky":false,"template":"","format":"standard","meta":{"footnotes":""},"categories":[5,4,9,6],"tags":[],"class_list":["post-806","post","type-post","status-publish","format-standard","has-post-thumbnail","hentry","category-artevisual","category-audiovisual","category-documentario","category-fotografia"],"_links":{"self":[{"href":"https:\/\/curtamonle.com\/index.php?rest_route=\/wp\/v2\/posts\/806","targetHints":{"allow":["GET"]}}],"collection":[{"href":"https:\/\/curtamonle.com\/index.php?rest_route=\/wp\/v2\/posts"}],"about":[{"href":"https:\/\/curtamonle.com\/index.php?rest_route=\/wp\/v2\/types\/post"}],"author":[{"embeddable":true,"href":"https:\/\/curtamonle.com\/index.php?rest_route=\/wp\/v2\/users\/1"}],"replies":[{"embeddable":true,"href":"https:\/\/curtamonle.com\/index.php?rest_route=%2Fwp%2Fv2%2Fcomments&post=806"}],"version-history":[{"count":9,"href":"https:\/\/curtamonle.com\/index.php?rest_route=\/wp\/v2\/posts\/806\/revisions"}],"predecessor-version":[{"id":819,"href":"https:\/\/curtamonle.com\/index.php?rest_route=\/wp\/v2\/posts\/806\/revisions\/819"}],"wp:featuredmedia":[{"embeddable":true,"href":"https:\/\/curtamonle.com\/index.php?rest_route=\/wp\/v2\/media\/807"}],"wp:attachment":[{"href":"https:\/\/curtamonle.com\/index.php?rest_route=%2Fwp%2Fv2%2Fmedia&parent=806"}],"wp:term":[{"taxonomy":"category","embeddable":true,"href":"https:\/\/curtamonle.com\/index.php?rest_route=%2Fwp%2Fv2%2Fcategories&post=806"},{"taxonomy":"post_tag","embeddable":true,"href":"https:\/\/curtamonle.com\/index.php?rest_route=%2Fwp%2Fv2%2Ftags&post=806"}],"curies":[{"name":"wp","href":"https:\/\/api.w.org\/{rel}","templated":true}]}}