{"id":632,"date":"2025-04-16T22:30:36","date_gmt":"2025-04-16T22:30:36","guid":{"rendered":"https:\/\/curtamonle.com\/?p=632"},"modified":"2025-04-18T06:43:02","modified_gmt":"2025-04-18T06:43:02","slug":"edital-de-selecao-curta-monle","status":"publish","type":"post","link":"https:\/\/curtamonle.com\/?p=632","title":{"rendered":"EDITAL DE SELE\u00c7\u00c3O CURTA MONL\u00c9"},"content":{"rendered":"\n<h2 class=\"wp-block-heading\"><strong>EDITAL DE SELE\u00c7\u00c3O \u2013 MOSTRA DE CINEMA INDEPENDENTE<br>CURTA MONL\u00c9 &#8211; Festival de Filmes, Curtas e Document\u00e1rios de Jo\u00e3o Monlevade<\/strong><\/h2>\n\n\n\n<p>A Organiza\u00e7\u00e3o do <strong><em>brasilpqp<\/em><\/strong>, torna p\u00fablico o presente edital para a sele\u00e7\u00e3o de filmes a serem exibidos no CURTA MONL\u00c9 &#8211; Festival de Filmes, Curtas e Document\u00e1rios de Jo\u00e3o Monlevade, a ser realizado no per\u00edodo de 19 a 24 de maio de 2025 no ICEA\/UFOP Campus Jo\u00e3o Monlevade, conforme as condi\u00e7\u00f5es abaixo:<\/p>\n\n\n\n<p><strong>1.OBJETIVO<\/strong><br>O presente edital tem por finalidade selecionar filmes independentes para exibi\u00e7\u00e3o no Curta Monl\u00e9, promovendo o cinema autoral e proporcionando espa\u00e7o para produ\u00e7\u00f5es audiovisuais de diversos g\u00eaneros e formatos.<\/p>\n\n\n\n<p><strong>2.REQUISITOS PARA INSCRI\u00c7\u00c3O<\/strong><br>Podem se inscrever no edital:<\/p>\n\n\n\n<ul class=\"wp-block-list\">\n<li>Filmes de curta, m\u00e9dia ou longa-metragem, produzidos de forma<strong> independente ou lei de incentivo a cultura.<\/strong><\/li>\n\n\n\n<li>Obras finalizadas a partir de (ano 2020).<\/li>\n\n\n\n<li>Filmes de qualquer g\u00eanero cinematogr\u00e1fico. (com exce\u00e7\u00e3o de filmes que ferem as diretrizes do Minist\u00e9rio da Cultura\/Lei Paulo Gustavo)<\/li>\n\n\n\n<li>Filmes em l\u00edngua estrangeira dever\u00e3o conter legendas em (idioma portugu\u00eas).<\/li>\n<\/ul>\n\n\n\n<p><strong>3.FORMATO E ENVIO<\/strong><br>Os filmes dever\u00e3o ser enviados em formato (formato aceito, ex.: MP4, MOV), via (meio de envio, ex.: link para download, plataforma espec\u00edfica). O candidato deve preencher o formul\u00e1rio de inscri\u00e7\u00e3o dispon\u00edvel em:(<a href=\"https:\/\/forms.gle\/94iZyNtfzsiXKSSM8\" target=\"_blank\" rel=\"noreferrer noopener\"><strong><em>https:\/\/forms.gle\/94iZyNtfzsiXKSSM8<\/em><\/strong><\/a>)at\u00e9 o dia 30\/04\/2025.<\/p>\n\n\n\n<p><strong>4.SELE\u00c7\u00c3O<\/strong><br>A curadoria da mostra ser\u00e1 realizada pela equipe de produ\u00e7\u00e3o do <strong><em>brasilpqp<\/em><\/strong>, levando em considera\u00e7\u00e3o crit\u00e9rios como originalidade, qualidade t\u00e9cnica e narrativa. O resultado ser\u00e1 divulgado em 05\/05\/2025 no site curtamonle.com<\/p>\n\n\n\n<p><strong>5.DIREITOS E EXIBI\u00c7\u00c3O<\/strong><br>Os respons\u00e1veis pelos filmes selecionados autorizam a exibi\u00e7\u00e3o p\u00fablica das obras durante a mostra, sem custos de licenciamento. Os filmes poder\u00e3o ser exibidos em sess\u00f5es presenciais e\/ou online, conforme programa\u00e7\u00e3o do evento.<\/p>\n\n\n\n<p><strong>6.PREMIA\u00c7\u00c3O &#8211; Certificado de Participa\u00e7\u00e3o. Ser\u00e3o premiadas 6 (seis) Categorias:<\/strong><\/p>\n\n\n\n<ul class=\"wp-block-list\">\n<li>Melhor Curta-Metragem,<\/li>\n\n\n\n<li>Melhor Document\u00e1rio,<\/li>\n\n\n\n<li>Melhor Dire\u00e7\u00e3o,<\/li>\n\n\n\n<li>Melhor Fotografia,<\/li>\n\n\n\n<li>Melhor Roteiro,<\/li>\n\n\n\n<li><strong><em>Pr\u00eamio do J\u00fari Popular.<\/em><\/strong><\/li>\n<\/ul>\n\n\n\n<p><strong>7.VOTA\u00c7\u00c3O DO J\u00daRI POPULAR<br><\/strong>Al\u00e9m da sele\u00e7\u00e3o feita pela curadoria, ser\u00e1 realizada a vota\u00e7\u00e3o do J\u00fari Popular por meio da<strong> Rede Social Instagram<\/strong>. Os espectadores poder\u00e3o votar marcando a publica\u00e7\u00e3o oficial do filme concorrente juntamente com as contas <strong>@curtmonle, @brasilpqp e o perfil do respectivo concorrente<\/strong>.<\/p>\n\n\n\n<ul class=\"wp-block-list\">\n<li><strong>O filme com o maior n\u00famero de marca\u00e7\u00f5es v\u00e1lidas dentro das regras e dentro do per\u00edodo de vota\u00e7\u00e3o<\/strong>, que ocorrer\u00e1 de <strong>&#8220;05 at\u00e9 22 de maio de 2025&#8221;<\/strong>, ser\u00e1 considerado vencedor na categoria <strong>J\u00fari Popular.<\/strong> A organiza\u00e7\u00e3o da mostra se reserva o direito de validar os votos e garantir a integridade do processo de vota\u00e7\u00e3o.<\/li>\n<\/ul>\n\n\n\n<p><strong>8.DISPOSI\u00c7\u00d5ES FINAIS<\/strong><br>Casos omissos ser\u00e3o resolvidos pela organiza\u00e7\u00e3o do <strong><em>brasilpqp<\/em><\/strong>. A participa\u00e7\u00e3o no edital implica a aceita\u00e7\u00e3o de todas as condi\u00e7\u00f5es e regras aqui estabelecidas.<\/p>\n\n\n\n<p class=\"has-text-align-center\"><a href=\"https:\/\/curtmonle.com\" target=\"_blank\" rel=\"noreferrer noopener\">curtmonle.com<\/a>    &#8211;     <a href=\"https:\/\/linktr.ee\/curtamonle\" target=\"_blank\" rel=\"noreferrer noopener\">linktr.ee\/curtamonle<\/a> <\/p>\n\n\n\n<figure class=\"wp-block-image alignfull size-large\"><img loading=\"lazy\" decoding=\"async\" width=\"1024\" height=\"140\" src=\"https:\/\/curtamonle.com\/wp-content\/uploads\/2024\/06\/banner6-scaled-1-1024x140.jpg\" alt=\"\" class=\"wp-image-340\" srcset=\"https:\/\/curtamonle.com\/wp-content\/uploads\/2024\/06\/banner6-scaled-1-1024x140.jpg 1024w, https:\/\/curtamonle.com\/wp-content\/uploads\/2024\/06\/banner6-scaled-1-300x41.jpg 300w, https:\/\/curtamonle.com\/wp-content\/uploads\/2024\/06\/banner6-scaled-1-2000x274.jpg 2000w\" sizes=\"auto, (max-width: 1024px) 100vw, 1024px\" \/><\/figure>\n\n\n\n<h2 class=\"wp-block-heading\">PROGRAMA\u00c7\u00c3O<\/h2>\n\n\n\n<p><strong>19 de maio (Segunda-feira) \u2013 Abertura Oficial<br><\/strong>18h30 \u2013 Credenciamento e Recep\u00e7\u00e3o<br>19h00 \u2013 Cerim\u00f4nia de Abertura<br>Composi\u00e7\u00e3o da Mesa com Autoridades<br>Boas-vindas da Organiza\u00e7\u00e3o do Festival Curta Monl\u00e9<br>Marcelo Sputnik<br>Diretor do brasilPQP<br>Apresenta\u00e7\u00e3o Institucional do Campus Jo\u00e3o Monlevade<br>Wagner Ragi Curi Filho<br>Diretor do Instituto de Ci\u00eancias Exatas e Aplicadas (ICEA\/UFOP)<br>19h30 Exibi\u00e7\u00e3o Especial do Curta-metragem<br>A \u00daLTIMA CONVERSA<br>Afonso Torres da Silva<\/p>\n\n\n\n<p><strong>20 de maio (Ter\u00e7a-feira) \u2013 Mostra Audiovisual<br><\/strong>16h00 \u2013 Sess\u00e3o &#8220;PAULO GUSTAVO&#8221; \u2013 Exibi\u00e7\u00e3o de Audiovisual realizados em Jo\u00e3o Monlevade.<br>18h00 \u2013 F\u00f3rum Polo Cine Vales: &#8220;A Import\u00e2ncia da APL&#8221; para a regi\u00e3o do Vale do A\u00e7o<br>Elizeu Gon\u00e7alves Mol<br>Presidente da Filminas | Polo Cine Vales<br>19h30 \u2013 Cadastro dos Artistas do Audiovisual, voltado para toda a Cadeia Produtiva do Audiovisual) <br>Filminas.<br>20h00 \u2013 Mostra Competitiva I \u2013 Exibi\u00e7\u00e3o Audiovisual<\/p>\n\n\n\n<p><strong>21 de maio (Quarta-feira) \u2013 Oficinas e Exibi\u00e7\u00f5es<br><\/strong>08h00 \u00e0s 12h00 \u2013 Oficina: &#8220;Produ\u00e7\u00e3o Audiovisual com Baixo Or\u00e7amento&#8221; (Vagas limitadas)<br>Vitor Hugo Sartori Barbosa<br>Videomaker | Vertical Horizon<br>13h00 \u00e0s 17h00 \u2013 Oficina: &#8220;Produ\u00e7\u00e3o Audiovisual com Baixo Or\u00e7amento&#8221; (Vagas limitadas)<br>Vitor Hugo Sartori Barbosa<br>Videomaker | Vertical Horizon<br>18h00 \u2013 Sess\u00e3o &#8220;Document\u00e1rios em Foco&#8221; \u2013 Exibi\u00e7\u00e3o de Document\u00e1rios Selecionados<br>19h30 \u2013 Mostra Competitiva II \u2013 Exibi\u00e7\u00e3o de Curtas e Document\u00e1rios<\/p>\n\n\n\n<p><strong>22 de maio (Quinta-feira) \u2013 Experi\u00eancias Interativas<br><\/strong>08h00 \u00e0s 12h00 \u2013 Oficina:<br>&#8220;Produ\u00e7\u00e3o de Projetos Culturais &#8221; (Vagas limitadas)<br>Marcelo Sputnik \u2013 CEO do brasilPQP e Prof. Dr. Elizeu Assis ICEA\/UFOP.<br>13h00 \u00e0s 17h00 \u2013 Oficina:<br>&#8220;Produ\u00e7\u00e3o de Projetos Culturais &#8221; (Vagas limitadas)<br>Marcelo Sputnik \u2013 CEO do brasilPQP e Prof. Dr. Elizeu Assis ICEA\/UFOP.<br>Diretor do brasilPQP<br>18h00 \u2013 Sess\u00e3o Especial: &#8220;Filme Saneamento B\u00e1sico&#8221;<br>20h00 \u2013 Mostra Competitiva III \u2013 Exibi\u00e7\u00e3o de Curtas e Document\u00e1rios<\/p>\n\n\n\n<p><strong>23 de maio (Sexta-feira) \u2013 Tecnologia e Inova\u00e7\u00e3o no Audiovisual<br><\/strong>10h00 \u2013 Oficina: &#8220;Edi\u00e7\u00e3o e P\u00f3s-Produ\u00e7\u00e3o para Iniciantes<br>Let\u00edcia Ara\u00fajo Barbosa &#8211; LELET<br>Videomaker|Editora<br>16h00 \u2013 Sess\u00e3o Experimental: &#8220;Novas linguagens no cinema&#8221; (anima\u00e7\u00e3o, experimental)<br>18h00 \u2013 Mesa-redonda: &#8220;O Impacto das Novas M\u00eddias no Cinema Independente&#8221;<br>Marcelo Sputnik<br>Diretor do brasilPQP<br>19h30 \u2013 Mostra Competitiva IV \u2013 \u00daltima Sess\u00e3o de Exibi\u00e7\u00e3o dos Filmes Concorrentes<\/p>\n\n\n\n<p><strong>24 de maio (S\u00e1bado) \u2013 Premia\u00e7\u00e3o e Encerramento<br><\/strong>10h00 &#8211; Sess\u00e3o Infantil &#8211;<br>14h00 \u2013 Sess\u00e3o Especial: Exibi\u00e7\u00e3o dos Vencedores da Mostra Competitiva<br>16h00 \u2013 Cerim\u00f4nia de Premia\u00e7\u00e3o<br>Melhor Curta-Metragem,<br>Melhor Document\u00e1rio,<br>Melhor Dire\u00e7\u00e3o,<br>Melhor Fotografia<br>Melhor Roteiro.<br><strong>Pr\u00eamio do J\u00fari Popular<br><\/strong>16h30 \u2013 Encerramento Oficial<\/p>\n\n\n\n<figure class=\"wp-block-image alignfull size-large\"><img loading=\"lazy\" decoding=\"async\" width=\"1024\" height=\"140\" src=\"https:\/\/curtamonle.com\/wp-content\/uploads\/2024\/06\/banner6-scaled-1-1024x140.jpg\" alt=\"\" class=\"wp-image-340\" srcset=\"https:\/\/curtamonle.com\/wp-content\/uploads\/2024\/06\/banner6-scaled-1-1024x140.jpg 1024w, https:\/\/curtamonle.com\/wp-content\/uploads\/2024\/06\/banner6-scaled-1-300x41.jpg 300w, https:\/\/curtamonle.com\/wp-content\/uploads\/2024\/06\/banner6-scaled-1-2000x274.jpg 2000w\" sizes=\"auto, (max-width: 1024px) 100vw, 1024px\" \/><\/figure>\n\n\n\n<p><\/p>\n","protected":false},"excerpt":{"rendered":"<p>EDITAL DE SELE\u00c7\u00c3O \u2013 MOSTRA DE CINEMA INDEPENDENTECURTA MONL\u00c9 &#8211; Festival de Filmes, Curtas e Document\u00e1rios de Jo\u00e3o Monlevade A Organiza\u00e7\u00e3o do brasilpqp, torna p\u00fablico o presente edital para a sele\u00e7\u00e3o de filmes a serem exibidos no CURTA MONL\u00c9 &#8211; Festival de Filmes, Curtas e Document\u00e1rios de Jo\u00e3o Monlevade, a ser realizado no per\u00edodo de &hellip; <\/p>\n<p class=\"link-more\"><a href=\"https:\/\/curtamonle.com\/?p=632\" class=\"more-link\">Leia mais<span class=\"screen-reader-text\"> &#8220;EDITAL DE SELE\u00c7\u00c3O CURTA MONL\u00c9&#8221;<\/span><\/a><\/p>\n","protected":false},"author":1,"featured_media":31,"comment_status":"open","ping_status":"open","sticky":false,"template":"","format":"standard","meta":{"footnotes":""},"categories":[10,5,4,9,6,11],"tags":[],"class_list":["post-632","post","type-post","status-publish","format-standard","has-post-thumbnail","hentry","category-animacao","category-artevisual","category-audiovisual","category-documentario","category-fotografia","category-videoclip"],"_links":{"self":[{"href":"https:\/\/curtamonle.com\/index.php?rest_route=\/wp\/v2\/posts\/632","targetHints":{"allow":["GET"]}}],"collection":[{"href":"https:\/\/curtamonle.com\/index.php?rest_route=\/wp\/v2\/posts"}],"about":[{"href":"https:\/\/curtamonle.com\/index.php?rest_route=\/wp\/v2\/types\/post"}],"author":[{"embeddable":true,"href":"https:\/\/curtamonle.com\/index.php?rest_route=\/wp\/v2\/users\/1"}],"replies":[{"embeddable":true,"href":"https:\/\/curtamonle.com\/index.php?rest_route=%2Fwp%2Fv2%2Fcomments&post=632"}],"version-history":[{"count":25,"href":"https:\/\/curtamonle.com\/index.php?rest_route=\/wp\/v2\/posts\/632\/revisions"}],"predecessor-version":[{"id":663,"href":"https:\/\/curtamonle.com\/index.php?rest_route=\/wp\/v2\/posts\/632\/revisions\/663"}],"wp:featuredmedia":[{"embeddable":true,"href":"https:\/\/curtamonle.com\/index.php?rest_route=\/wp\/v2\/media\/31"}],"wp:attachment":[{"href":"https:\/\/curtamonle.com\/index.php?rest_route=%2Fwp%2Fv2%2Fmedia&parent=632"}],"wp:term":[{"taxonomy":"category","embeddable":true,"href":"https:\/\/curtamonle.com\/index.php?rest_route=%2Fwp%2Fv2%2Fcategories&post=632"},{"taxonomy":"post_tag","embeddable":true,"href":"https:\/\/curtamonle.com\/index.php?rest_route=%2Fwp%2Fv2%2Ftags&post=632"}],"curies":[{"name":"wp","href":"https:\/\/api.w.org\/{rel}","templated":true}]}}