{"id":60,"date":"2024-06-10T12:51:39","date_gmt":"2024-06-10T12:51:39","guid":{"rendered":"https:\/\/curtamonle.com\/?p=60"},"modified":"2024-06-10T13:06:25","modified_gmt":"2024-06-10T13:06:25","slug":"fundacao-casa-de-cultura-divulga-lista-de-contemplados-no-edital-paulo-gustavo","status":"publish","type":"post","link":"https:\/\/curtamonle.com\/?p=60","title":{"rendered":"FUNDA\u00c7\u00c3O CASA DE CULTURA DIVULGA LISTA DE CONTEMPLADOS NO EDITAL PAULO GUSTAVO"},"content":{"rendered":"\n<p><strong>S\u00c3O 46 PROJETOS CONTEMPLADOS EM 4 CATEGORIAS<\/strong><\/p>\n\n\n\n<h2 class=\"wp-block-heading\">AUDIOVISUAL<\/h2>\n\n\n\n<p><strong>Curta-metragem: 06 vagas<\/strong><\/p>\n\n\n\n<ol class=\"wp-block-list\">\n<li>Associa\u00e7\u00e3o Comunit\u00e1ria de Carneirinhos. A Viagem do Martelo no Leito do Wat\u00fa:<\/li>\n\n\n\n<li>Big Band Funcec 26 anos<\/li>\n\n\n\n<li>Cristian de Vasconcelos Souza \u201cTurma do Guto\u201d<\/li>\n\n\n\n<li>Daniel Bahia Escola de M\u00fasica &#8211; Rock na Rua<\/li>\n\n\n\n<li>Let\u00edcia Ara\u00fajo Barbosa &#8211; Sob a B\u00ean\u00e7\u00e3o do Ros\u00e1rio<\/li>\n\n\n\n<li>Washington Batista J\u00fanior &#8211; HIGHRATS ComVida<\/li>\n<\/ol>\n\n\n\n<p><strong>VIDEOCLIPE: 07 vagas<\/strong><\/p>\n\n\n\n<ol class=\"wp-block-list\">\n<li>Abel Ferreira Marcelo \u00cdndio do Forr\u00f3<\/li>\n\n\n\n<li>Fabio Sartori Junior Umbigo Trio. Uma Jornada pelos Cl\u00e1ssicos do Rock<\/li>\n\n\n\n<li>Jamerson Rezende B. Rev\u00e9s de James Jamerson<\/li>\n\n\n\n<li>Mariana Nola\u00e7o &#8211; L\u00e1grimas Brancas<\/li>\n\n\n\n<li>Max Vieira Santiago &#8211; Banda Bonappart<\/li>\n\n\n\n<li>Roger Vitor dos Santos &#8211; Alicia Ferreira<\/li>\n\n\n\n<li>Solidariarte: A Arte que Transforma<\/li>\n<\/ol>\n\n\n\n<p><strong>S\u00e9rie de V\u00eddeos: 02 vaga<\/strong><\/p>\n\n\n\n<ol class=\"wp-block-list\">\n<li>Cristiane V. F. Santiago Crescendo com Sorrisos:<\/li>\n\n\n\n<li>Vitor Hugo Sartori Barbosa Vertical Horizon<\/li>\n<\/ol>\n\n\n\n<h2 class=\"wp-block-heading\">FESTIVAL E CINEMA DE RUA E ITINERANTE<\/h2>\n\n\n\n<p><strong>Cinema Itinerante, de Rua e Mostra\/Festival 03 vagas<\/strong><\/p>\n\n\n\n<ol class=\"wp-block-list\">\n<li>Cinema Itinerante 1 vaga &#8211; 1. ACDLC &#8211; CINE CIDADE<\/li>\n\n\n\n<li>Mostra e Festival 1 vaga &#8211; 1.Brasil PQP Curta Monl\u00e9<\/li>\n\n\n\n<li>Cinema de Rua 1 vaga &#8211; 1 Associa\u00e7\u00e3o Brasileira de Psiquiatria &#8211; CINEMA DE RUA ABP<\/li>\n<\/ol>\n\n\n\n<h2 class=\"wp-block-heading\">OUTAS LINGUAGENS<\/h2>\n\n\n\n<p><strong>MANIFESTA\u00c7\u00d5ES CULTURAIS: 18 vagas<\/strong><\/p>\n\n\n\n<ol class=\"wp-block-list\">\n<li>ACDLC &#8211; JO\u00c3O MONLEVADE: CULTURA E LUTAS OPER\u00c1RIAS<\/li>\n\n\n\n<li>ERIVELTON FEL\u00cdCIO BRAZ MONLEVADE EM CONTOS E CR\u00d4NICAS<\/li>\n\n\n\n<li>ELAINE DE ANDRADE OLIVEIRA &#8211; ESTUDANTES QUE CONTAM HIST\u00d3RIAS<\/li>\n\n\n\n<li>SHEILA MALTA &#8211; \u201cEM MULHER N\u00c3O SE ATIRA NEM COM UMA FLOR\u201d<\/li>\n\n\n\n<li>MARCOS ANT\u00d4NIO LIZARDO &#8211; PUBLICA\u00c7\u00c3O DO LIVRO \u201cERRANDO POESIA\u201d<\/li>\n\n\n\n<li>M\u00c1RCIA MARIA TEIXEIRA DOS ANJOS &#8211; VEM VER MONLEVADE<\/li>\n\n\n\n<li>DANIELLE RIBEIRO OLIVEIRA &#8211; PATRIM\u00d4NIO E MEM\u00d3RIA DE JO\u00c3O MONLEVADE ATRAV\u00c9S DO GRAFFITI<\/li>\n\n\n\n<li>GUSTAVO MIGUEL ALVARENGA &#8211; FORMA\u00c7\u00c3O ART\u00cdSTICA MUSICAL EM CULTURA PERIF\u00c9RICA E PRODU\u00c7\u00c3O MUSICAL COLETIVA<\/li>\n\n\n\n<li>J\u00daLIA CEC\u00cdLIA MEIRELES AZEVEDO DE MORAIS MORADAS DE JO\u00c3O MONLEVADE<\/li>\n\n\n\n<li>JEFFERSON CALDEIRA ABRANTES &#8211; \u201cMEM\u00d3RIAS EM FIOS\u201d<\/li>\n\n\n\n<li>R\u00d4MULO ANTONIO DE SOUZA SHOW R\u00d4MULO RAS \u201c40 ANOS DE MPB\u201d<\/li>\n\n\n\n<li>FABR\u00cdCIO JOS\u00c9 DE ASSIS &#8211; ESSE MOMENTO \u00c9 MEU<\/li>\n\n\n\n<li>ISABELLA CEC\u00cdLIA GREG\u00d3RIO &#8211; MANDALEIRAS DE MINAS<\/li>\n\n\n\n<li>MAX VIEIRA SANTIAGO &#8211; SINGLE \u201cVOC\u00ca VAI VOLTAR PRA MIM\u201d<\/li>\n\n\n\n<li>MARK J\u00daNIOR VIEIRA SANTIAGO. SINGLE DO BONAPPART \u201cOx\u00ca\u201d<\/li>\n\n\n\n<li>CRISTIANE VANIERRY FERREIRA SANTIAGO &#8211; SINGLE CRIS VANIERRY<\/li>\n\n\n\n<li>MIGUEL ROG\u00c9RIO SALOM\u00c3O &#8211; CONVIV\u00caNCIA FELIZ<\/li>\n\n\n\n<li>ROMILDO NASCIMENTO DE SOUZA &#8211; ARTE DA VIDA<\/li>\n<\/ol>\n\n\n\n<p><strong>OFICINAS: 02<\/strong><\/p>\n\n\n\n<ol class=\"wp-block-list\">\n<li>JOS\u00c9 EXPEDITO RAMOS DE SOUZA &#8211; OFICINA DE PERCUSS\u00c3O PARA O BLOCO DA SAUDADE<\/li>\n\n\n\n<li>RENATA GOMES DA SILVA CRIANDO. MEM\u00d3RIAS ATRAV\u00c9S DA ARTE<\/li>\n<\/ol>\n\n\n\n<h2 class=\"wp-block-heading\"><br>PREMIA\u00c7\u00d5ES<\/h2>\n\n\n\n<p><strong>PREMIA\u00c7\u00d5ES: 08<\/strong><\/p>\n\n\n\n<ol class=\"wp-block-list\">\n<li>ACAZUMP<\/li>\n\n\n\n<li>CORAL MONLEVADE<\/li>\n\n\n\n<li>CONGADO DE LARANJEIRAS<\/li>\n\n\n\n<li>GRUPO ANSELMO OLIVEIRA<\/li>\n\n\n\n<li>MARUJOS DE JO\u00c3O MONLEVADE<\/li>\n\n\n\n<li>CORPORA\u00c7\u00c3O MUSICAL GUARANY<\/li>\n\n\n\n<li>CORPORA\u00c7\u00c3O MUSICAL DE JO\u00c3O MONLEVADE<\/li>\n\n\n\n<li>FOLIA DA VACA MINEIRA<\/li>\n<\/ol>\n\n\n\n<figure class=\"wp-block-image size-full\"><img loading=\"lazy\" decoding=\"async\" width=\"300\" height=\"300\" src=\"https:\/\/curtamonle.com\/wp-content\/uploads\/2024\/06\/bannercinenomato.jpg\" alt=\"\" class=\"wp-image-67\" srcset=\"https:\/\/curtamonle.com\/wp-content\/uploads\/2024\/06\/bannercinenomato.jpg 300w, https:\/\/curtamonle.com\/wp-content\/uploads\/2024\/06\/bannercinenomato-150x150.jpg 150w\" sizes=\"auto, (max-width: 300px) 100vw, 300px\" \/><\/figure>\n","protected":false},"excerpt":{"rendered":"<p>S\u00c3O 46 PROJETOS CONTEMPLADOS EM 4 CATEGORIAS AUDIOVISUAL Curta-metragem: 06 vagas VIDEOCLIPE: 07 vagas S\u00e9rie de V\u00eddeos: 02 vaga FESTIVAL E CINEMA DE RUA E ITINERANTE Cinema Itinerante, de Rua e Mostra\/Festival 03 vagas OUTAS LINGUAGENS MANIFESTA\u00c7\u00d5ES CULTURAIS: 18 vagas OFICINAS: 02 PREMIA\u00c7\u00d5ES PREMIA\u00c7\u00d5ES: 08<\/p>\n","protected":false},"author":1,"featured_media":61,"comment_status":"open","ping_status":"open","sticky":false,"template":"","format":"standard","meta":{"footnotes":""},"categories":[10,8,5,4,9,6,7,11],"tags":[],"class_list":["post-60","post","type-post","status-publish","format-standard","has-post-thumbnail","hentry","category-animacao","category-artesanato","category-artevisual","category-audiovisual","category-documentario","category-fotografia","category-literatura","category-videoclip"],"_links":{"self":[{"href":"https:\/\/curtamonle.com\/index.php?rest_route=\/wp\/v2\/posts\/60","targetHints":{"allow":["GET"]}}],"collection":[{"href":"https:\/\/curtamonle.com\/index.php?rest_route=\/wp\/v2\/posts"}],"about":[{"href":"https:\/\/curtamonle.com\/index.php?rest_route=\/wp\/v2\/types\/post"}],"author":[{"embeddable":true,"href":"https:\/\/curtamonle.com\/index.php?rest_route=\/wp\/v2\/users\/1"}],"replies":[{"embeddable":true,"href":"https:\/\/curtamonle.com\/index.php?rest_route=%2Fwp%2Fv2%2Fcomments&post=60"}],"version-history":[{"count":8,"href":"https:\/\/curtamonle.com\/index.php?rest_route=\/wp\/v2\/posts\/60\/revisions"}],"predecessor-version":[{"id":70,"href":"https:\/\/curtamonle.com\/index.php?rest_route=\/wp\/v2\/posts\/60\/revisions\/70"}],"wp:featuredmedia":[{"embeddable":true,"href":"https:\/\/curtamonle.com\/index.php?rest_route=\/wp\/v2\/media\/61"}],"wp:attachment":[{"href":"https:\/\/curtamonle.com\/index.php?rest_route=%2Fwp%2Fv2%2Fmedia&parent=60"}],"wp:term":[{"taxonomy":"category","embeddable":true,"href":"https:\/\/curtamonle.com\/index.php?rest_route=%2Fwp%2Fv2%2Fcategories&post=60"},{"taxonomy":"post_tag","embeddable":true,"href":"https:\/\/curtamonle.com\/index.php?rest_route=%2Fwp%2Fv2%2Ftags&post=60"}],"curies":[{"name":"wp","href":"https:\/\/api.w.org\/{rel}","templated":true}]}}